{"id":21971,"date":"2023-09-20T08:31:27","date_gmt":"2023-09-20T06:31:27","guid":{"rendered":"https:\/\/www.certisys.eu\/?p=21971"},"modified":"2025-09-22T11:57:36","modified_gmt":"2025-09-22T09:57:36","slug":"certisys-a-ledition-automnale-du-salon-international-tavola","status":"publish","type":"post","link":"https:\/\/www.certisys.eu\/fr\/certisys-a-ledition-automnale-du-salon-international-tavola\/","title":{"rendered":"Certisys \u00e0 l&rsquo;\u00e9dition automnale du salon International Tavola"},"content":{"rendered":"<div class=\"wpb-content-wrapper\"><p>[vc_row css=\u00a0\u00bb.vc_custom_1664873789344{margin-top: -50px !important;}\u00a0\u00bb][vc_column][vc_single_image image=\u00a0\u00bb21978&Prime; img_size=\u00a0\u00bb1080&#215;450&Prime; alignment=\u00a0\u00bbcenter\u00a0\u00bb css_animation=\u00a0\u00bbfadeInDown\u00a0\u00bb][\/vc_column][\/vc_row][vc_row][vc_column width=\u00a0\u00bb2\/3&Prime;][vc_column_text]<\/p>\n<h1>Certisys \u00e0 l&rsquo;\u00e9dition automnale du salon International Tavola<\/h1>\n<p>[\/vc_column_text][vc_column_text]On ne pr\u00e9sente plus le salon de renomm\u00e9e internationale Tavola d\u00e9di\u00e9 \u00e0 la gastronomie et aux produits frais. Celui-ci se tiendra pour sa 21\u00b0 \u00e9dition en mars 2024 (du 17 au 19 mars) et accueillera pas moins de 400 exposants.,<\/p>\n<p>Mais connaissez-vous le <strong>\u00a0spin-off du \u00a0salon Tavola\u00a0?<\/strong><\/p>\n<p>Taste of Tavola, c\u2019est un avant-go\u00fbt, pour la deuxi\u00e8me ann\u00e9e cons\u00e9cutive, du salon Tavola<\/p>\n<p>Ce salon d&rsquo;automne convivial et \u00e0 petite \u00e9chelle r\u00e9unira dans le hall 5 de <a href=\"https:\/\/www.kortrijkxpo.com\/fr\/\"><strong>Kortrijk Xpo<\/strong><\/a>, du <strong>dimanche 24 au mercredi 27 septembre<\/strong>, une s\u00e9lection d&rsquo;une centaine de professionnels en alimentation fine.<\/p>\n<h2>Un accent mis sur le c\u00f4t\u00e9 local<\/h2>\n<p>Taste of<em> Tavola 2023<\/em> s&rsquo;adresse principalement aux <strong>acheteurs belges du retail, des grossistes, des magasins sp\u00e9cialis\u00e9s et de la restauration<\/strong> qui ont envie de d\u00e9couvrir et d\u00e9guster les derni\u00e8res nouveaut\u00e9s en mati\u00e8re d\u2019alimentation et de boissons haut de gamme.[\/vc_column_text][vc_column_text]<\/p>\n<h2>Le petit plus de cette ann\u00e9e<\/h2>\n<p><a href=\"https:\/\/www.taste-of-tavola.be\/fr\/home\/\">Taste of Tavola<\/a> se d\u00e9roulera en m\u00eame temps que les salons professionnels de la boulangerie \u00ab\u00a0<a href=\"https:\/\/www.broodway.be\/fr\/home\/\">Broodway<\/a>\u00a0\u00bb et de la boucherie \u00ab\u00a0<a href=\"https:\/\/www.meatexpo.be\/fr\/home\/\">Meat Expo<\/a>\u00a0\u00bb.<\/p>\n<p>Ces trois salons vous offriront ainsi +\/- 350 exposants en encore plus de nouveaut\u00e9s et d\u2019opportunit\u00e9s de contacts\u00a0!<\/p>\n<p>De notre c\u00f4t\u00e9, pour la premi\u00e8re fois, un <strong>duo d\u2019expertes Certisys<\/strong> sera pr\u00e9sent pour aller \u00e0 la rencontre des op\u00e9rateurs BIO actifs dans les produits de bouche et pour r\u00e9pondre aux questions de tous les pr\u00e9parateurs d\u00e9sireux de <strong>se lancer dans une activit\u00e9 BIO.<\/strong><\/p>\n<p>Alors n\u2019h\u00e9sitez plus et venez \u00e0 la rencontre de Jolanda et Val\u00e9rie pour \u00e9changer et discuter de vos projets. Elles seront <strong>toutes les deux pr\u00e9sentes le lundi 25 septembre<\/strong>.<\/p>\n<p>Vous d\u00e9sirez un moment privil\u00e9gi\u00e9 avec une de nos sp\u00e9cialistes\u00a0? Rien de plus simple, vous pouvez <strong>demander un rendez-vous<\/strong> via notre bo\u00eete info\u00a0: <a href=\"mailto:info@certisys.eu\">info@certisys.eu<\/a>.[\/vc_column_text][vc_single_image image=\u00a0\u00bb21977&Prime; img_size=\u00a0\u00bblarge\u00a0\u00bb][vc_column_text]<\/p>\n<h2>Mais pourquoi se lancer en BIO\u00a0?<\/h2>\n<p>[\/vc_column_text][vc_column_text]<\/p>\n<h3>Le saviez-vous\u00a0?<\/h3>\n<p>Vos produits sont certainement attendus sur le march\u00e9 bio. En effet, choisir de faire certifier ces produits, c\u2019est s\u2019ouvrir \u00e0 des march\u00e9s bien plus larges. \u00a0Pour pouvoir distribuer ceux-ci dans des magasins bio ou des espaces de restauration bio, toujours plus nombreux et de plus en plus fr\u00e9quent\u00e9s, il faut imp\u00e9rativement obtenir la certification bio. Celle-ci est une garantie absolue pour le consommateur que les produits qu\u2019il ach\u00e8te sont respectueux du cahier des charges Bio Europ\u00e9en<\/p>\n<p><strong>Mais dans les grandes lignes, \u00e7a garantit quoi le BIO\u00a0?<\/strong><\/p>\n<ul>\n<li>Un syst\u00e8me de production qui respecte les cycles naturels de la nature.<\/li>\n<li>La protection de l&rsquo;environnement et du climat<\/li>\n<li>La conservation et l&rsquo;accroissement de la fertilit\u00e9 des sols<\/li>\n<li>Le maintien de la biodiversit\u00e9<\/li>\n<li>Le respect des cycles naturels et du bien-\u00eatre animal<\/li>\n<li>La limitation de produits chimiques de synth\u00e8se<\/li>\n<li>La non utilisation d&rsquo;OGM<\/li>\n<li>La transparence envers le consommateur.<\/li>\n<\/ul>\n<p>Pour en savoir plus sur le label bio europ\u00e9en, <a href=\"https:\/\/www.certisys.eu\/labels-et-certifications\/label-bio-europeen\/\">c\u2019est par ici <\/a>[\/vc_column_text][vc_column_text]<\/p>\n<h3><strong>Informations pratiques<\/strong><\/h3>\n<p><strong>Taste of Tavola 2023<\/strong><\/p>\n<p>Dimanche 24 septembre : 10h \u2013 18h<\/p>\n<p>Lundi 25 septembre : 10h \u2013 18h<\/p>\n<p>Mardi 26 septembre : 10h \u2013 18h<\/p>\n<p>Mercredi 27 septembre : 10h \u2013 18h<\/p>\n<p><strong>Lieu :<\/strong> Kortrijk Xpo, hall 5<\/p>\n<p><strong>Adresse :<\/strong> Doorniksesteenweg 216; 8500 Kortrijk \/ Courtrai<\/p>\n<p><span style=\"color: #ff0000;\"><strong>Acc\u00e8s r\u00e9serv\u00e9 aux professionnels\u00a0<\/strong><\/span><\/p>\n<p>[\/vc_column_text][\/vc_column][vc_column width=\u00a0\u00bb1\/3&Prime; css=\u00a0\u00bb.vc_custom_1664874337239{padding-top: 20px !important;padding-right: 20px !important;padding-bottom: 20px !important;padding-left: 20px !important;background-color: #f0f3f1 !important;}\u00a0\u00bb][vc_widget_sidebar sidebar_id=\u00a0\u00bbdefaut\u00a0\u00bb][\/vc_column][\/vc_row][vc_row][vc_column][vc_raw_html]JTNDc3R5bGUlM0UuYXJ0aWNsZS1jb250ZW50JTIwJTNFJTIwLmF0dGFjaG1lbnQtcG9zdC10aHVtYm5haWwlN0JkaXNwbGF5JTNBbm9uZSUzQiU3RCUzQyUyRnN0eWxlJTNF[\/vc_raw_html][\/vc_column][\/vc_row]<\/p>\n<\/div>","protected":false},"excerpt":{"rendered":"<p>[vc_row css=\u00a0\u00bb.vc_custom_1664873789344{margin-top: -50px !important;}\u00a0\u00bb][vc_column][vc_single_image image=\u00a0\u00bb21978&Prime; img_size=\u00a0\u00bb1080&#215;450&Prime; alignment=\u00a0\u00bbcenter\u00a0\u00bb css_animation=\u00a0\u00bbfadeInDown\u00a0\u00bb][\/vc_column][\/vc_row][vc_row][vc_column width=\u00a0\u00bb2\/3&Prime;][vc_column_text] Certisys \u00e0 l&rsquo;\u00e9dition automnale du salon International Tavola [\/vc_column_text][vc_column_text]On ne pr\u00e9sente plus le salon de renomm\u00e9e internationale Tavola d\u00e9di\u00e9 \u00e0 la gastronomie et aux produits frais. Celui-ci se tiendra pour sa 21\u00b0 \u00e9dition en mars 2024 (du 17 au 19 mars) et accueillera pas moins de [&hellip;]<\/p>\n","protected":false},"author":6,"featured_media":21978,"comment_status":"closed","ping_status":"closed","sticky":false,"template":"","format":"standard","meta":{"_acf_changed":false,"footnotes":""},"categories":[147,164],"tags":[],"class_list":["post-21971","post","type-post","status-publish","format-standard","has-post-thumbnail","hentry","category-certisys","category-event"],"acf":[],"yoast_head":"<!-- This site is optimized with the Yoast SEO plugin v27.4 - https:\/\/yoast.com\/product\/yoast-seo-wordpress\/ -->\n<title>Certisys \u00e0 l&#039;\u00e9dition automnale du salon International Tavola - CERTISYS<\/title>\n<meta name=\"robots\" content=\"index, follow, max-snippet:-1, max-image-preview:large, max-video-preview:-1\" \/>\n<link rel=\"canonical\" href=\"https:\/\/www.certisys.eu\/fr\/certisys-a-ledition-automnale-du-salon-international-tavola\/\" \/>\n<meta property=\"og:locale\" content=\"fr_FR\" \/>\n<meta property=\"og:type\" content=\"article\" \/>\n<meta property=\"og:title\" content=\"Certisys \u00e0 l&#039;\u00e9dition automnale du salon International Tavola - CERTISYS\" \/>\n<meta property=\"og:description\" content=\"[vc_row css=\u00a0\u00bb.vc_custom_1664873789344{margin-top: -50px !important;}\u00a0\u00bb][vc_column][vc_single_image image=\u00a0\u00bb21978&Prime; img_size=\u00a0\u00bb1080&#215;450&Prime; alignment=\u00a0\u00bbcenter\u00a0\u00bb css_animation=\u00a0\u00bbfadeInDown\u00a0\u00bb][\/vc_column][\/vc_row][vc_row][vc_column width=\u00a0\u00bb2\/3&Prime;][vc_column_text] Certisys \u00e0 l&rsquo;\u00e9dition automnale du salon International Tavola [\/vc_column_text][vc_column_text]On ne pr\u00e9sente plus le salon de renomm\u00e9e internationale Tavola d\u00e9di\u00e9 \u00e0 la gastronomie et aux produits frais. Celui-ci se tiendra pour sa 21\u00b0 \u00e9dition en mars 2024 (du 17 au 19 mars) et accueillera pas moins de [&hellip;]\" \/>\n<meta property=\"og:url\" content=\"https:\/\/www.certisys.eu\/fr\/certisys-a-ledition-automnale-du-salon-international-tavola\/\" \/>\n<meta property=\"og:site_name\" content=\"CERTISYS\" \/>\n<meta property=\"article:published_time\" content=\"2023-09-20T06:31:27+00:00\" \/>\n<meta property=\"article:modified_time\" content=\"2025-09-22T09:57:36+00:00\" \/>\n<meta property=\"og:image\" content=\"https:\/\/www.certisys.eu\/wp-content\/uploads\/2023\/09\/Design-sans-titre4.jpg\" \/>\n\t<meta property=\"og:image:width\" content=\"1080\" \/>\n\t<meta property=\"og:image:height\" content=\"450\" \/>\n\t<meta property=\"og:image:type\" content=\"image\/jpeg\" \/>\n<meta name=\"author\" content=\"sarah\" \/>\n<meta name=\"twitter:card\" content=\"summary_large_image\" \/>\n<meta name=\"twitter:label1\" content=\"\u00c9crit par\" \/>\n\t<meta name=\"twitter:data1\" content=\"sarah\" \/>\n\t<meta name=\"twitter:label2\" content=\"Dur\u00e9e de lecture estim\u00e9e\" \/>\n\t<meta name=\"twitter:data2\" content=\"3 minutes\" \/>\n<!-- \/ Yoast SEO plugin. -->","yoast_head_json":{"title":"Certisys \u00e0 l'\u00e9dition automnale du salon International Tavola - CERTISYS","robots":{"index":"index","follow":"follow","max-snippet":"max-snippet:-1","max-image-preview":"max-image-preview:large","max-video-preview":"max-video-preview:-1"},"canonical":"https:\/\/www.certisys.eu\/fr\/certisys-a-ledition-automnale-du-salon-international-tavola\/","og_locale":"fr_FR","og_type":"article","og_title":"Certisys \u00e0 l'\u00e9dition automnale du salon International Tavola - CERTISYS","og_description":"[vc_row css=\u00a0\u00bb.vc_custom_1664873789344{margin-top: -50px !important;}\u00a0\u00bb][vc_column][vc_single_image image=\u00a0\u00bb21978&Prime; img_size=\u00a0\u00bb1080&#215;450&Prime; alignment=\u00a0\u00bbcenter\u00a0\u00bb css_animation=\u00a0\u00bbfadeInDown\u00a0\u00bb][\/vc_column][\/vc_row][vc_row][vc_column width=\u00a0\u00bb2\/3&Prime;][vc_column_text] Certisys \u00e0 l&rsquo;\u00e9dition automnale du salon International Tavola [\/vc_column_text][vc_column_text]On ne pr\u00e9sente plus le salon de renomm\u00e9e internationale Tavola d\u00e9di\u00e9 \u00e0 la gastronomie et aux produits frais. Celui-ci se tiendra pour sa 21\u00b0 \u00e9dition en mars 2024 (du 17 au 19 mars) et accueillera pas moins de [&hellip;]","og_url":"https:\/\/www.certisys.eu\/fr\/certisys-a-ledition-automnale-du-salon-international-tavola\/","og_site_name":"CERTISYS","article_published_time":"2023-09-20T06:31:27+00:00","article_modified_time":"2025-09-22T09:57:36+00:00","og_image":[{"width":1080,"height":450,"url":"https:\/\/www.certisys.eu\/wp-content\/uploads\/2023\/09\/Design-sans-titre4.jpg","type":"image\/jpeg"}],"author":"sarah","twitter_card":"summary_large_image","twitter_misc":{"\u00c9crit par":"sarah","Dur\u00e9e de lecture estim\u00e9e":"3 minutes"},"schema":{"@context":"https:\/\/schema.org","@graph":[{"@type":"Article","@id":"https:\/\/www.certisys.eu\/fr\/certisys-a-ledition-automnale-du-salon-international-tavola\/#article","isPartOf":{"@id":"https:\/\/www.certisys.eu\/fr\/certisys-a-ledition-automnale-du-salon-international-tavola\/"},"author":{"name":"sarah","@id":"https:\/\/www.certisys.eu\/fr\/#\/schema\/person\/b28f6efd8430d524dcbc07cec96dba11"},"headline":"Certisys \u00e0 l&rsquo;\u00e9dition automnale du salon International Tavola","datePublished":"2023-09-20T06:31:27+00:00","dateModified":"2025-09-22T09:57:36+00:00","mainEntityOfPage":{"@id":"https:\/\/www.certisys.eu\/fr\/certisys-a-ledition-automnale-du-salon-international-tavola\/"},"wordCount":686,"image":{"@id":"https:\/\/www.certisys.eu\/fr\/certisys-a-ledition-automnale-du-salon-international-tavola\/#primaryimage"},"thumbnailUrl":"https:\/\/www.certisys.eu\/wp-content\/uploads\/2023\/09\/Design-sans-titre4.jpg","articleSection":["CERTISYS","Event"],"inLanguage":"fr-FR"},{"@type":"WebPage","@id":"https:\/\/www.certisys.eu\/fr\/certisys-a-ledition-automnale-du-salon-international-tavola\/","url":"https:\/\/www.certisys.eu\/fr\/certisys-a-ledition-automnale-du-salon-international-tavola\/","name":"Certisys \u00e0 l'\u00e9dition automnale du salon International Tavola - CERTISYS","isPartOf":{"@id":"https:\/\/www.certisys.eu\/fr\/#website"},"primaryImageOfPage":{"@id":"https:\/\/www.certisys.eu\/fr\/certisys-a-ledition-automnale-du-salon-international-tavola\/#primaryimage"},"image":{"@id":"https:\/\/www.certisys.eu\/fr\/certisys-a-ledition-automnale-du-salon-international-tavola\/#primaryimage"},"thumbnailUrl":"https:\/\/www.certisys.eu\/wp-content\/uploads\/2023\/09\/Design-sans-titre4.jpg","datePublished":"2023-09-20T06:31:27+00:00","dateModified":"2025-09-22T09:57:36+00:00","author":{"@id":"https:\/\/www.certisys.eu\/fr\/#\/schema\/person\/b28f6efd8430d524dcbc07cec96dba11"},"breadcrumb":{"@id":"https:\/\/www.certisys.eu\/fr\/certisys-a-ledition-automnale-du-salon-international-tavola\/#breadcrumb"},"inLanguage":"fr-FR","potentialAction":[{"@type":"ReadAction","target":["https:\/\/www.certisys.eu\/fr\/certisys-a-ledition-automnale-du-salon-international-tavola\/"]}]},{"@type":"ImageObject","inLanguage":"fr-FR","@id":"https:\/\/www.certisys.eu\/fr\/certisys-a-ledition-automnale-du-salon-international-tavola\/#primaryimage","url":"https:\/\/www.certisys.eu\/wp-content\/uploads\/2023\/09\/Design-sans-titre4.jpg","contentUrl":"https:\/\/www.certisys.eu\/wp-content\/uploads\/2023\/09\/Design-sans-titre4.jpg","width":1080,"height":450,"caption":"Taste of Tavola 2"},{"@type":"BreadcrumbList","@id":"https:\/\/www.certisys.eu\/fr\/certisys-a-ledition-automnale-du-salon-international-tavola\/#breadcrumb","itemListElement":[{"@type":"ListItem","position":1,"name":"Home","item":"https:\/\/www.certisys.eu\/fr\/"},{"@type":"ListItem","position":2,"name":"Certisys \u00e0 l&rsquo;\u00e9dition automnale du salon International Tavola"}]},{"@type":"WebSite","@id":"https:\/\/www.certisys.eu\/fr\/#website","url":"https:\/\/www.certisys.eu\/fr\/","name":"CERTISYS","description":"Bio Certification","potentialAction":[{"@type":"SearchAction","target":{"@type":"EntryPoint","urlTemplate":"https:\/\/www.certisys.eu\/fr\/?s={search_term_string}"},"query-input":{"@type":"PropertyValueSpecification","valueRequired":true,"valueName":"search_term_string"}}],"inLanguage":"fr-FR"},{"@type":"Person","@id":"https:\/\/www.certisys.eu\/fr\/#\/schema\/person\/b28f6efd8430d524dcbc07cec96dba11","name":"sarah"}]}},"_links":{"self":[{"href":"https:\/\/www.certisys.eu\/fr\/wp-json\/wp\/v2\/posts\/21971","targetHints":{"allow":["GET"]}}],"collection":[{"href":"https:\/\/www.certisys.eu\/fr\/wp-json\/wp\/v2\/posts"}],"about":[{"href":"https:\/\/www.certisys.eu\/fr\/wp-json\/wp\/v2\/types\/post"}],"author":[{"embeddable":true,"href":"https:\/\/www.certisys.eu\/fr\/wp-json\/wp\/v2\/users\/6"}],"replies":[{"embeddable":true,"href":"https:\/\/www.certisys.eu\/fr\/wp-json\/wp\/v2\/comments?post=21971"}],"version-history":[{"count":6,"href":"https:\/\/www.certisys.eu\/fr\/wp-json\/wp\/v2\/posts\/21971\/revisions"}],"predecessor-version":[{"id":21983,"href":"https:\/\/www.certisys.eu\/fr\/wp-json\/wp\/v2\/posts\/21971\/revisions\/21983"}],"wp:featuredmedia":[{"embeddable":true,"href":"https:\/\/www.certisys.eu\/fr\/wp-json\/wp\/v2\/media\/21978"}],"wp:attachment":[{"href":"https:\/\/www.certisys.eu\/fr\/wp-json\/wp\/v2\/media?parent=21971"}],"wp:term":[{"taxonomy":"category","embeddable":true,"href":"https:\/\/www.certisys.eu\/fr\/wp-json\/wp\/v2\/categories?post=21971"},{"taxonomy":"post_tag","embeddable":true,"href":"https:\/\/www.certisys.eu\/fr\/wp-json\/wp\/v2\/tags?post=21971"}],"curies":[{"name":"wp","href":"https:\/\/api.w.org\/{rel}","templated":true}]}}