{"id":16507,"date":"2022-10-06T09:15:32","date_gmt":"2022-10-06T07:15:32","guid":{"rendered":"https:\/\/www.certisys.eu\/?p=16507"},"modified":"2025-09-22T11:58:05","modified_gmt":"2025-09-22T09:58:05","slug":"certisysvous-donne-rendez-vous-sur-son-stand-au-rabad-day-a-bruxelles","status":"publish","type":"post","link":"https:\/\/www.certisys.eu\/fr\/certisysvous-donne-rendez-vous-sur-son-stand-au-rabad-day-a-bruxelles\/","title":{"rendered":"CERTISYS\u00aevous donne rendez-vous sur son stand au Rabad Day \u00e0 Bruxelles !"},"content":{"rendered":"<p><em>La nouvelle \u00e9dition du <a href=\"https:\/\/www.eventbrite.ca\/e\/billets-rabad-day-2022-386749105987\">Rabad Day<\/a> se tiendra le 13 octobre prochain \u00e0 Tour &amp; Taxis. L\u2019occasion de rencontrer et d\u2019\u00e9changer avec les professionnels du secteur de l\u2019alimentation durable de Bruxelles dont CERTISYS\u00ae fait bien \u00e9videmment partie\u00a0! Car, chez CERTISYS\u00ae, nous sommes convaincus que s\u2019il existe un projet, celui-ci DOIT \u00eatre durable\u00a0!<\/em><\/p>\n<p><strong>C\u2019est quoi le RABAD\u00a0?<\/strong><\/p>\n<p>Le <a href=\"https:\/\/www.rabad.be\/\">RABAD<\/a> c\u2019est le <strong>R\u00e9seau qui regroupe les Acteurs Bruxellois pour l\u2019Alimentation Durable<\/strong>. Il a pour mission de promouvoir et soutenir le d\u00e9veloppement des professionnels de l\u2019alimentation durable \u00e0 Bruxelles.<\/p>\n<p>Il s\u2019est fix\u00e9 <strong>4 grands objectifs<\/strong>\u00a0pour atteindre cette ambition :<\/p>\n<ul>\n<li>Il encourage les pistes de coop\u00e9ration entre acteurs de l\u2019alimentation durable<\/li>\n<li>Il soutient le d\u00e9veloppement de nouvelles fili\u00e8res professionnelles<\/li>\n<li>Il relaie les avis et exp\u00e9riences du terrain vers les d\u00e9cideurs politiques<\/li>\n<li>Il informe, partage et inspire<\/li>\n<\/ul>\n<p>Le r\u00e9seau, n\u00e9 en 2008, regroupe d\u00e9j\u00e0 plus de <a href=\"https:\/\/www.rabad.be\/membres\/\">80 membres<\/a> bruxellois \u2013 (agriculteurs bio, restaurants, associations de sensibilisation\u2026).\u00a0 Tous convaincus de la n\u00e9cessit\u00e9 de changer notre mani\u00e8re de cultiver, de cuisiner, de manger pour un monde plus durable.<\/p>\n<p><strong><img loading=\"lazy\" decoding=\"async\" class=\"alignnone size-medium wp-image-16516\" src=\"https:\/\/www.certisys.eu\/wp-content\/uploads\/2022\/10\/6908526c-1c41-46be-b04e-5c17ff078639-300x69.jpeg\" alt=\"\" width=\"300\" height=\"69\" srcset=\"https:\/\/www.certisys.eu\/wp-content\/uploads\/2022\/10\/6908526c-1c41-46be-b04e-5c17ff078639-300x69.jpeg 300w, https:\/\/www.certisys.eu\/wp-content\/uploads\/2022\/10\/6908526c-1c41-46be-b04e-5c17ff078639-200x46.jpeg 200w, https:\/\/www.certisys.eu\/wp-content\/uploads\/2022\/10\/6908526c-1c41-46be-b04e-5c17ff078639.jpeg 600w\" sizes=\"auto, (max-width: 300px) 100vw, 300px\" \/><\/strong><\/p>\n<p><strong>Que retrouverez-vous au Rabad Day\u00a0? <\/strong><\/p>\n<p>De quoi faire le plein d\u2019inspiration\u00a0! Un <strong>village alimentation durable<\/strong>, regroupant des acteurs bruxellois de l\u2019alimentation, dont CERTISYS\u00ae, pionnier de la certification BIO. Nous nous ferons un plaisir de r\u00e9pondre \u00e0 vos questions, de vous informer sur notre offre de certifications biologiques, \u00e9thiques et durables et sur les d\u00e9marches \u00e0 entreprendre pour faire certifier votre activit\u00e9. \u00a0Vous trouverez \u00e9galement <strong>3 salles d\u00e9di\u00e9es \u00e0 des ateliers<\/strong> sur des th\u00e9matiques li\u00e9es au secteur. Pour le programme des ateliers, c\u2019est par <a href=\"https:\/\/www.eventbrite.ca\/e\/billets-rabad-day-2022-386749105987\">ici<\/a>.<\/p>\n<p>Nous attendons avec impatience de vous rencontrer pour discuter de vous, de vos projets BIO, de vos besoins en certifications durables et de ce que nous pouvons vous offrir comme accompagnement chez CERTISYS\u00ae\u00a0!<\/p>\n<p><img loading=\"lazy\" decoding=\"async\" class=\"alignnone size-medium wp-image-16508\" src=\"https:\/\/www.certisys.eu\/wp-content\/uploads\/2022\/10\/Brigitte-Aurelie-HR-Team-300x300.png\" alt=\"\" width=\"300\" height=\"300\" srcset=\"https:\/\/www.certisys.eu\/wp-content\/uploads\/2022\/10\/Brigitte-Aurelie-HR-Team-300x300.png 300w, https:\/\/www.certisys.eu\/wp-content\/uploads\/2022\/10\/Brigitte-Aurelie-HR-Team-150x150.png 150w, https:\/\/www.certisys.eu\/wp-content\/uploads\/2022\/10\/Brigitte-Aurelie-HR-Team-200x200.png 200w, https:\/\/www.certisys.eu\/wp-content\/uploads\/2022\/10\/Brigitte-Aurelie-HR-Team.png 500w\" sizes=\"auto, (max-width: 300px) 100vw, 300px\" \/><\/p>\n<p>&nbsp;<\/p>\n<p><u>INFOS PRATIQUES<\/u> :<\/p>\n<p>Date : 13 octobre 2022 \u2013 13h30 \u00e0 19h<\/p>\n<p>Lieu : Tour et Taxis, 86C Avenue du Port, 1000 BRUXELLES<\/p>\n<p>Prix : gratuit &#8211; pas de r\u00e9servation pr\u00e9alable<\/p>\n<p>Site web : <a href=\"https:\/\/www.rabad.be\">https:\/\/www.rabad.be<\/a><\/p>\n","protected":false},"excerpt":{"rendered":"<p>La nouvelle \u00e9dition du Rabad Day se tiendra le 13 octobre prochain \u00e0 Tour &amp; Taxis. L\u2019occasion de rencontrer et d\u2019\u00e9changer avec les professionnels du secteur de l\u2019alimentation durable de Bruxelles dont CERTISYS\u00ae fait bien \u00e9videmment partie\u00a0! Car, chez CERTISYS\u00ae, nous sommes convaincus que s\u2019il existe un projet, celui-ci DOIT \u00eatre durable\u00a0! C\u2019est quoi le [&hellip;]<\/p>\n","protected":false},"author":6,"featured_media":16520,"comment_status":"closed","ping_status":"closed","sticky":false,"template":"","format":"standard","meta":{"_acf_changed":false,"footnotes":""},"categories":[147,164],"tags":[],"class_list":["post-16507","post","type-post","status-publish","format-standard","has-post-thumbnail","hentry","category-certisys","category-event"],"acf":[],"yoast_head":"<!-- This site is optimized with the Yoast SEO plugin v27.4 - https:\/\/yoast.com\/product\/yoast-seo-wordpress\/ -->\n<title>CERTISYS\u00aevous donne rendez-vous sur son stand au Rabad Day \u00e0 Bruxelles ! - CERTISYS<\/title>\n<meta name=\"description\" content=\"Le Rabad Day se tiendra le 13 octobre prochain \u00e0 Tour &amp; Taxis. L\u2019occasion d\u2019\u00e9changer sur le secteur de l\u2019alimentation durable de Bruxelles.\" \/>\n<meta name=\"robots\" content=\"index, follow, max-snippet:-1, max-image-preview:large, max-video-preview:-1\" \/>\n<link rel=\"canonical\" href=\"https:\/\/www.certisys.eu\/fr\/certisysvous-donne-rendez-vous-sur-son-stand-au-rabad-day-a-bruxelles\/\" \/>\n<meta property=\"og:locale\" content=\"fr_FR\" \/>\n<meta property=\"og:type\" content=\"article\" \/>\n<meta property=\"og:title\" content=\"CERTISYS\u00aevous donne rendez-vous sur son stand au Rabad Day \u00e0 Bruxelles ! - CERTISYS\" \/>\n<meta property=\"og:description\" content=\"Le Rabad Day se tiendra le 13 octobre prochain \u00e0 Tour &amp; Taxis. L\u2019occasion d\u2019\u00e9changer sur le secteur de l\u2019alimentation durable de Bruxelles.\" \/>\n<meta property=\"og:url\" content=\"https:\/\/www.certisys.eu\/fr\/certisysvous-donne-rendez-vous-sur-son-stand-au-rabad-day-a-bruxelles\/\" \/>\n<meta property=\"og:site_name\" content=\"CERTISYS\" \/>\n<meta property=\"article:published_time\" content=\"2022-10-06T07:15:32+00:00\" \/>\n<meta property=\"article:modified_time\" content=\"2025-09-22T09:58:05+00:00\" \/>\n<meta property=\"og:image\" content=\"https:\/\/www.certisys.eu\/wp-content\/uploads\/2022\/10\/Rabad-Day-1-1.png\" \/>\n\t<meta property=\"og:image:width\" content=\"500\" \/>\n\t<meta property=\"og:image:height\" content=\"300\" \/>\n\t<meta property=\"og:image:type\" content=\"image\/png\" \/>\n<meta name=\"author\" content=\"sarah\" \/>\n<meta name=\"twitter:card\" content=\"summary_large_image\" \/>\n<meta name=\"twitter:label1\" content=\"\u00c9crit par\" \/>\n\t<meta name=\"twitter:data1\" content=\"sarah\" \/>\n\t<meta name=\"twitter:label2\" content=\"Dur\u00e9e de lecture estim\u00e9e\" \/>\n\t<meta name=\"twitter:data2\" content=\"3 minutes\" \/>\n<!-- \/ Yoast SEO plugin. -->","yoast_head_json":{"title":"CERTISYS\u00aevous donne rendez-vous sur son stand au Rabad Day \u00e0 Bruxelles ! - CERTISYS","description":"Le Rabad Day se tiendra le 13 octobre prochain \u00e0 Tour & Taxis. L\u2019occasion d\u2019\u00e9changer sur le secteur de l\u2019alimentation durable de Bruxelles.","robots":{"index":"index","follow":"follow","max-snippet":"max-snippet:-1","max-image-preview":"max-image-preview:large","max-video-preview":"max-video-preview:-1"},"canonical":"https:\/\/www.certisys.eu\/fr\/certisysvous-donne-rendez-vous-sur-son-stand-au-rabad-day-a-bruxelles\/","og_locale":"fr_FR","og_type":"article","og_title":"CERTISYS\u00aevous donne rendez-vous sur son stand au Rabad Day \u00e0 Bruxelles ! - CERTISYS","og_description":"Le Rabad Day se tiendra le 13 octobre prochain \u00e0 Tour & Taxis. L\u2019occasion d\u2019\u00e9changer sur le secteur de l\u2019alimentation durable de Bruxelles.","og_url":"https:\/\/www.certisys.eu\/fr\/certisysvous-donne-rendez-vous-sur-son-stand-au-rabad-day-a-bruxelles\/","og_site_name":"CERTISYS","article_published_time":"2022-10-06T07:15:32+00:00","article_modified_time":"2025-09-22T09:58:05+00:00","og_image":[{"width":500,"height":300,"url":"https:\/\/www.certisys.eu\/wp-content\/uploads\/2022\/10\/Rabad-Day-1-1.png","type":"image\/png"}],"author":"sarah","twitter_card":"summary_large_image","twitter_misc":{"\u00c9crit par":"sarah","Dur\u00e9e de lecture estim\u00e9e":"3 minutes"},"schema":{"@context":"https:\/\/schema.org","@graph":[{"@type":"Article","@id":"https:\/\/www.certisys.eu\/fr\/certisysvous-donne-rendez-vous-sur-son-stand-au-rabad-day-a-bruxelles\/#article","isPartOf":{"@id":"https:\/\/www.certisys.eu\/fr\/certisysvous-donne-rendez-vous-sur-son-stand-au-rabad-day-a-bruxelles\/"},"author":{"name":"sarah","@id":"https:\/\/www.certisys.eu\/fr\/#\/schema\/person\/b28f6efd8430d524dcbc07cec96dba11"},"headline":"CERTISYS\u00aevous donne rendez-vous sur son stand au Rabad Day \u00e0 Bruxelles !","datePublished":"2022-10-06T07:15:32+00:00","dateModified":"2025-09-22T09:58:05+00:00","mainEntityOfPage":{"@id":"https:\/\/www.certisys.eu\/fr\/certisysvous-donne-rendez-vous-sur-son-stand-au-rabad-day-a-bruxelles\/"},"wordCount":349,"image":{"@id":"https:\/\/www.certisys.eu\/fr\/certisysvous-donne-rendez-vous-sur-son-stand-au-rabad-day-a-bruxelles\/#primaryimage"},"thumbnailUrl":"https:\/\/www.certisys.eu\/wp-content\/uploads\/2022\/10\/Rabad-Day-1-1.png","articleSection":["CERTISYS","Event"],"inLanguage":"fr-FR"},{"@type":"WebPage","@id":"https:\/\/www.certisys.eu\/fr\/certisysvous-donne-rendez-vous-sur-son-stand-au-rabad-day-a-bruxelles\/","url":"https:\/\/www.certisys.eu\/fr\/certisysvous-donne-rendez-vous-sur-son-stand-au-rabad-day-a-bruxelles\/","name":"CERTISYS\u00aevous donne rendez-vous sur son stand au Rabad Day \u00e0 Bruxelles ! - CERTISYS","isPartOf":{"@id":"https:\/\/www.certisys.eu\/fr\/#website"},"primaryImageOfPage":{"@id":"https:\/\/www.certisys.eu\/fr\/certisysvous-donne-rendez-vous-sur-son-stand-au-rabad-day-a-bruxelles\/#primaryimage"},"image":{"@id":"https:\/\/www.certisys.eu\/fr\/certisysvous-donne-rendez-vous-sur-son-stand-au-rabad-day-a-bruxelles\/#primaryimage"},"thumbnailUrl":"https:\/\/www.certisys.eu\/wp-content\/uploads\/2022\/10\/Rabad-Day-1-1.png","datePublished":"2022-10-06T07:15:32+00:00","dateModified":"2025-09-22T09:58:05+00:00","author":{"@id":"https:\/\/www.certisys.eu\/fr\/#\/schema\/person\/b28f6efd8430d524dcbc07cec96dba11"},"description":"Le Rabad Day se tiendra le 13 octobre prochain \u00e0 Tour & Taxis. L\u2019occasion d\u2019\u00e9changer sur le secteur de l\u2019alimentation durable de Bruxelles.","breadcrumb":{"@id":"https:\/\/www.certisys.eu\/fr\/certisysvous-donne-rendez-vous-sur-son-stand-au-rabad-day-a-bruxelles\/#breadcrumb"},"inLanguage":"fr-FR","potentialAction":[{"@type":"ReadAction","target":["https:\/\/www.certisys.eu\/fr\/certisysvous-donne-rendez-vous-sur-son-stand-au-rabad-day-a-bruxelles\/"]}]},{"@type":"ImageObject","inLanguage":"fr-FR","@id":"https:\/\/www.certisys.eu\/fr\/certisysvous-donne-rendez-vous-sur-son-stand-au-rabad-day-a-bruxelles\/#primaryimage","url":"https:\/\/www.certisys.eu\/wp-content\/uploads\/2022\/10\/Rabad-Day-1-1.png","contentUrl":"https:\/\/www.certisys.eu\/wp-content\/uploads\/2022\/10\/Rabad-Day-1-1.png","width":500,"height":300},{"@type":"BreadcrumbList","@id":"https:\/\/www.certisys.eu\/fr\/certisysvous-donne-rendez-vous-sur-son-stand-au-rabad-day-a-bruxelles\/#breadcrumb","itemListElement":[{"@type":"ListItem","position":1,"name":"Home","item":"https:\/\/www.certisys.eu\/fr\/"},{"@type":"ListItem","position":2,"name":"CERTISYS\u00aevous donne rendez-vous sur son stand au Rabad Day \u00e0 Bruxelles !"}]},{"@type":"WebSite","@id":"https:\/\/www.certisys.eu\/fr\/#website","url":"https:\/\/www.certisys.eu\/fr\/","name":"CERTISYS","description":"Bio Certification","potentialAction":[{"@type":"SearchAction","target":{"@type":"EntryPoint","urlTemplate":"https:\/\/www.certisys.eu\/fr\/?s={search_term_string}"},"query-input":{"@type":"PropertyValueSpecification","valueRequired":true,"valueName":"search_term_string"}}],"inLanguage":"fr-FR"},{"@type":"Person","@id":"https:\/\/www.certisys.eu\/fr\/#\/schema\/person\/b28f6efd8430d524dcbc07cec96dba11","name":"sarah"}]}},"_links":{"self":[{"href":"https:\/\/www.certisys.eu\/fr\/wp-json\/wp\/v2\/posts\/16507","targetHints":{"allow":["GET"]}}],"collection":[{"href":"https:\/\/www.certisys.eu\/fr\/wp-json\/wp\/v2\/posts"}],"about":[{"href":"https:\/\/www.certisys.eu\/fr\/wp-json\/wp\/v2\/types\/post"}],"author":[{"embeddable":true,"href":"https:\/\/www.certisys.eu\/fr\/wp-json\/wp\/v2\/users\/6"}],"replies":[{"embeddable":true,"href":"https:\/\/www.certisys.eu\/fr\/wp-json\/wp\/v2\/comments?post=16507"}],"version-history":[{"count":2,"href":"https:\/\/www.certisys.eu\/fr\/wp-json\/wp\/v2\/posts\/16507\/revisions"}],"predecessor-version":[{"id":16525,"href":"https:\/\/www.certisys.eu\/fr\/wp-json\/wp\/v2\/posts\/16507\/revisions\/16525"}],"wp:featuredmedia":[{"embeddable":true,"href":"https:\/\/www.certisys.eu\/fr\/wp-json\/wp\/v2\/media\/16520"}],"wp:attachment":[{"href":"https:\/\/www.certisys.eu\/fr\/wp-json\/wp\/v2\/media?parent=16507"}],"wp:term":[{"taxonomy":"category","embeddable":true,"href":"https:\/\/www.certisys.eu\/fr\/wp-json\/wp\/v2\/categories?post=16507"},{"taxonomy":"post_tag","embeddable":true,"href":"https:\/\/www.certisys.eu\/fr\/wp-json\/wp\/v2\/tags?post=16507"}],"curies":[{"name":"wp","href":"https:\/\/api.w.org\/{rel}","templated":true}]}}