{"id":16443,"date":"2022-10-05T08:57:36","date_gmt":"2022-10-05T06:57:36","guid":{"rendered":"https:\/\/www.certisys.eu\/?p=16443"},"modified":"2025-09-22T11:58:44","modified_gmt":"2025-09-22T09:58:44","slug":"du-5-au-15-10-semaine-du-commerce-equitable","status":"publish","type":"post","link":"https:\/\/www.certisys.eu\/fr\/du-5-au-15-10-semaine-du-commerce-equitable\/","title":{"rendered":"Du 5 au 15\/10 : Semaine du Commerce \u00c9quitable"},"content":{"rendered":"<p><em>Partout en Flandre et en Wallonie, une multitude d\u2019activit\u00e9s vont \u00eatre organis\u00e9e pour promouvoir et sensibiliser au commerce \u00e9quitable. \u00a0La Semaine du Commerce \u00c9quitable est une initiative du <a href=\"https:\/\/www.tdc-enabel.be\/en\/trade-for-development-centre-3\/\">Trade for Development Centre<\/a> de l\u2019<a href=\"https:\/\/www.enabel.be\/fr\">Agence belge du d\u00e9veloppement<\/a> en collaboration avec les principales associations de commerce \u00e9quitable en Belgique (<a href=\"https:\/\/www.oxfamwereldwinkels.be\/\" target=\"_blank\" rel=\"noopener\">Oxfam-Wereldwinkels<\/a>, <a href=\"https:\/\/www.oxfammagasinsdumonde.be\/\" target=\"_blank\" rel=\"noopener\">Oxfam-Magasins du monde<\/a>, <a href=\"http:\/\/fairtradegemeenten.be\/\" target=\"_blank\" rel=\"noopener\">FairTradeGemeenten<\/a>, <a href=\"https:\/\/www.cdce.be\/\" target=\"_blank\" rel=\"noopener\">Communes du commerce \u00e9quitable<\/a>, <a href=\"http:\/\/www.bftf.be\/fr\/?lang=fr\" target=\"_blank\" rel=\"noopener\">la F\u00e9d\u00e9ration belge du commerce \u00e9quitable<\/a>, <a href=\"https:\/\/www.maya.be\/\" target=\"_blank\" rel=\"noopener\">Miel Maya Honing<\/a> et <a href=\"https:\/\/www.fairtradebelgium.be\/fr\/\" target=\"_blank\" rel=\"noopener\">Fairtrade Belgium<\/a>.)<br \/>\n<\/em><\/p>\n<p><strong>Un prix \u00e9quitable pour le producteur <\/strong><\/p>\n<p>Le commerce \u00e9quitable est fond\u00e9 sur le principe de base, selon lequel <strong>chaque producteur doit recevoir un prix juste pour son produit<\/strong>.<\/p>\n<p>Mais la r\u00e9flexion est bien plus pouss\u00e9e que cela. En effet, il garantit aussi aux producteurs des accords commerciaux sur le long terme, le respect des droits des employ\u00e9s, un respect de l\u2019environnement, un acc\u00e8s plus ais\u00e9 au march\u00e9. Il renforce \u00e9galement les organisations de producteurs et leurs r\u00e9seaux.<\/p>\n<p>Le but, in fine, est d\u2019offrir une s\u00e9curit\u00e9 d\u2019emploi et une qualit\u00e9 de vie d\u00e9cente aux producteurs d\u00e9favoris\u00e9s, venant majoritairement du Sud, et \u00e0 leurs familles.<\/p>\n<p>&nbsp;<\/p>\n<p><em>Le commerce \u00e9quitable et le bio, \u00e9troitement li\u00e9s<\/em><\/p>\n<blockquote><p><em>\u00ab Saviez-vous que 66% du caf\u00e9 issu du commerce \u00e9quitable vendu dans le monde est BIO. En ce qui concerne les bananes, ce chiffre atteint les 63% et le coton 56%. \u00bb <\/em><em>BioActief 57<\/em><\/p><\/blockquote>\n<p><strong>Mais pourquoi une semaine d\u00e9di\u00e9e au Fairtrade\u00a0? <\/strong><\/p>\n<p>Le secteur fdu commerce \u00e9quitable \u00e9volue constamment et cette semaine est l\u2019occasion de pr\u00e9senter les diff\u00e9rents produits qu\u2019il est possible de se procurer sous ce label. Sensibiliser au commerce \u00e9quitable, c\u2019est pr\u00e9senter aux consommateurs une large gamme de produits. Le commerce \u00e9quitable ne se limite pas au caf\u00e9, au cacao, aux bananes, etc. Il regroupe aussi les produits artisanaux, les cosm\u00e9tiques, les fleurs, le coton, les v\u00eatements. De nouveaux secteurs travaillent par ailleurs \u00e0 s\u2019inscrire dans cette d\u00e9marche : l\u2019\u00e9lectronique et le tourisme.<\/p>\n<p>Il est donc important de continuer \u00e0 informer correctement le consommateur des possibilit\u00e9s qui s\u2019offrent \u00e0 lui pour soutenir le commerce \u00e9quitable.<\/p>\n<p>Pour tout savoir sur les activit\u00e9s organis\u00e9es pendant ces 10 jours, c\u2019est par ici <a href=\"https:\/\/semaineducommerceequitable.be\/apercu-des-activites\/\">https:\/\/semaineducommerceequitable.be\/apercu-des-activites\/<\/a><\/p>\n<p>&nbsp;<\/p>\n<p>&nbsp;<\/p>\n<p>&nbsp;<\/p>\n","protected":false},"excerpt":{"rendered":"<p>Partout en Flandre et en Wallonie, une multitude d\u2019activit\u00e9s vont \u00eatre organis\u00e9e pour promouvoir et sensibiliser au commerce \u00e9quitable. \u00a0La Semaine du Commerce \u00c9quitable est une initiative du Trade for Development Centre de l\u2019Agence belge du d\u00e9veloppement en collaboration avec les principales associations de commerce \u00e9quitable en Belgique (Oxfam-Wereldwinkels, Oxfam-Magasins du monde, FairTradeGemeenten, Communes du [&hellip;]<\/p>\n","protected":false},"author":6,"featured_media":16492,"comment_status":"closed","ping_status":"closed","sticky":false,"template":"","format":"standard","meta":{"_acf_changed":false,"footnotes":""},"categories":[147,164],"tags":[],"class_list":["post-16443","post","type-post","status-publish","format-standard","has-post-thumbnail","hentry","category-certisys","category-event"],"acf":[],"yoast_head":"<!-- This site is optimized with the Yoast SEO plugin v27.4 - https:\/\/yoast.com\/product\/yoast-seo-wordpress\/ -->\n<title>Du 5 au 15\/10 : Semaine du Commerce \u00c9quitable - CERTISYS<\/title>\n<meta name=\"description\" content=\"Partout en Flandre et en Wallonie, une multitude d\u2019activit\u00e9s sont organis\u00e9e pour promouvoir et sensibiliser au commerce \u00e9quitable.\" \/>\n<meta name=\"robots\" content=\"index, follow, max-snippet:-1, max-image-preview:large, max-video-preview:-1\" \/>\n<link rel=\"canonical\" href=\"https:\/\/www.certisys.eu\/fr\/du-5-au-15-10-semaine-du-commerce-equitable\/\" \/>\n<meta property=\"og:locale\" content=\"fr_FR\" \/>\n<meta property=\"og:type\" content=\"article\" \/>\n<meta property=\"og:title\" content=\"Du 5 au 15\/10 : Semaine du Commerce \u00c9quitable - CERTISYS\" \/>\n<meta property=\"og:description\" content=\"Partout en Flandre et en Wallonie, une multitude d\u2019activit\u00e9s sont organis\u00e9e pour promouvoir et sensibiliser au commerce \u00e9quitable.\" \/>\n<meta property=\"og:url\" content=\"https:\/\/www.certisys.eu\/fr\/du-5-au-15-10-semaine-du-commerce-equitable\/\" \/>\n<meta property=\"og:site_name\" content=\"CERTISYS\" \/>\n<meta property=\"article:published_time\" content=\"2022-10-05T06:57:36+00:00\" \/>\n<meta property=\"article:modified_time\" content=\"2025-09-22T09:58:44+00:00\" \/>\n<meta property=\"og:image\" content=\"https:\/\/www.certisys.eu\/wp-content\/uploads\/2022\/10\/2.png\" \/>\n\t<meta property=\"og:image:width\" content=\"500\" \/>\n\t<meta property=\"og:image:height\" content=\"300\" \/>\n\t<meta property=\"og:image:type\" content=\"image\/png\" \/>\n<meta name=\"author\" content=\"sarah\" \/>\n<meta name=\"twitter:card\" content=\"summary_large_image\" \/>\n<meta name=\"twitter:label1\" content=\"\u00c9crit par\" \/>\n\t<meta name=\"twitter:data1\" content=\"sarah\" \/>\n\t<meta name=\"twitter:label2\" content=\"Dur\u00e9e de lecture estim\u00e9e\" \/>\n\t<meta name=\"twitter:data2\" content=\"2 minutes\" \/>\n<!-- \/ Yoast SEO plugin. -->","yoast_head_json":{"title":"Du 5 au 15\/10 : Semaine du Commerce \u00c9quitable - CERTISYS","description":"Partout en Flandre et en Wallonie, une multitude d\u2019activit\u00e9s sont organis\u00e9e pour promouvoir et sensibiliser au commerce \u00e9quitable.","robots":{"index":"index","follow":"follow","max-snippet":"max-snippet:-1","max-image-preview":"max-image-preview:large","max-video-preview":"max-video-preview:-1"},"canonical":"https:\/\/www.certisys.eu\/fr\/du-5-au-15-10-semaine-du-commerce-equitable\/","og_locale":"fr_FR","og_type":"article","og_title":"Du 5 au 15\/10 : Semaine du Commerce \u00c9quitable - CERTISYS","og_description":"Partout en Flandre et en Wallonie, une multitude d\u2019activit\u00e9s sont organis\u00e9e pour promouvoir et sensibiliser au commerce \u00e9quitable.","og_url":"https:\/\/www.certisys.eu\/fr\/du-5-au-15-10-semaine-du-commerce-equitable\/","og_site_name":"CERTISYS","article_published_time":"2022-10-05T06:57:36+00:00","article_modified_time":"2025-09-22T09:58:44+00:00","og_image":[{"width":500,"height":300,"url":"https:\/\/www.certisys.eu\/wp-content\/uploads\/2022\/10\/2.png","type":"image\/png"}],"author":"sarah","twitter_card":"summary_large_image","twitter_misc":{"\u00c9crit par":"sarah","Dur\u00e9e de lecture estim\u00e9e":"2 minutes"},"schema":{"@context":"https:\/\/schema.org","@graph":[{"@type":"Article","@id":"https:\/\/www.certisys.eu\/fr\/du-5-au-15-10-semaine-du-commerce-equitable\/#article","isPartOf":{"@id":"https:\/\/www.certisys.eu\/fr\/du-5-au-15-10-semaine-du-commerce-equitable\/"},"author":{"name":"sarah","@id":"https:\/\/www.certisys.eu\/fr\/#\/schema\/person\/b28f6efd8430d524dcbc07cec96dba11"},"headline":"Du 5 au 15\/10 : Semaine du Commerce \u00c9quitable","datePublished":"2022-10-05T06:57:36+00:00","dateModified":"2025-09-22T09:58:44+00:00","mainEntityOfPage":{"@id":"https:\/\/www.certisys.eu\/fr\/du-5-au-15-10-semaine-du-commerce-equitable\/"},"wordCount":380,"image":{"@id":"https:\/\/www.certisys.eu\/fr\/du-5-au-15-10-semaine-du-commerce-equitable\/#primaryimage"},"thumbnailUrl":"https:\/\/www.certisys.eu\/wp-content\/uploads\/2022\/10\/2.png","articleSection":["CERTISYS","Event"],"inLanguage":"fr-FR"},{"@type":"WebPage","@id":"https:\/\/www.certisys.eu\/fr\/du-5-au-15-10-semaine-du-commerce-equitable\/","url":"https:\/\/www.certisys.eu\/fr\/du-5-au-15-10-semaine-du-commerce-equitable\/","name":"Du 5 au 15\/10 : Semaine du Commerce \u00c9quitable - CERTISYS","isPartOf":{"@id":"https:\/\/www.certisys.eu\/fr\/#website"},"primaryImageOfPage":{"@id":"https:\/\/www.certisys.eu\/fr\/du-5-au-15-10-semaine-du-commerce-equitable\/#primaryimage"},"image":{"@id":"https:\/\/www.certisys.eu\/fr\/du-5-au-15-10-semaine-du-commerce-equitable\/#primaryimage"},"thumbnailUrl":"https:\/\/www.certisys.eu\/wp-content\/uploads\/2022\/10\/2.png","datePublished":"2022-10-05T06:57:36+00:00","dateModified":"2025-09-22T09:58:44+00:00","author":{"@id":"https:\/\/www.certisys.eu\/fr\/#\/schema\/person\/b28f6efd8430d524dcbc07cec96dba11"},"description":"Partout en Flandre et en Wallonie, une multitude d\u2019activit\u00e9s sont organis\u00e9e pour promouvoir et sensibiliser au commerce \u00e9quitable.","breadcrumb":{"@id":"https:\/\/www.certisys.eu\/fr\/du-5-au-15-10-semaine-du-commerce-equitable\/#breadcrumb"},"inLanguage":"fr-FR","potentialAction":[{"@type":"ReadAction","target":["https:\/\/www.certisys.eu\/fr\/du-5-au-15-10-semaine-du-commerce-equitable\/"]}]},{"@type":"ImageObject","inLanguage":"fr-FR","@id":"https:\/\/www.certisys.eu\/fr\/du-5-au-15-10-semaine-du-commerce-equitable\/#primaryimage","url":"https:\/\/www.certisys.eu\/wp-content\/uploads\/2022\/10\/2.png","contentUrl":"https:\/\/www.certisys.eu\/wp-content\/uploads\/2022\/10\/2.png","width":500,"height":300},{"@type":"BreadcrumbList","@id":"https:\/\/www.certisys.eu\/fr\/du-5-au-15-10-semaine-du-commerce-equitable\/#breadcrumb","itemListElement":[{"@type":"ListItem","position":1,"name":"Home","item":"https:\/\/www.certisys.eu\/fr\/"},{"@type":"ListItem","position":2,"name":"Du 5 au 15\/10 : Semaine du Commerce \u00c9quitable"}]},{"@type":"WebSite","@id":"https:\/\/www.certisys.eu\/fr\/#website","url":"https:\/\/www.certisys.eu\/fr\/","name":"CERTISYS","description":"Bio Certification","potentialAction":[{"@type":"SearchAction","target":{"@type":"EntryPoint","urlTemplate":"https:\/\/www.certisys.eu\/fr\/?s={search_term_string}"},"query-input":{"@type":"PropertyValueSpecification","valueRequired":true,"valueName":"search_term_string"}}],"inLanguage":"fr-FR"},{"@type":"Person","@id":"https:\/\/www.certisys.eu\/fr\/#\/schema\/person\/b28f6efd8430d524dcbc07cec96dba11","name":"sarah"}]}},"_links":{"self":[{"href":"https:\/\/www.certisys.eu\/fr\/wp-json\/wp\/v2\/posts\/16443","targetHints":{"allow":["GET"]}}],"collection":[{"href":"https:\/\/www.certisys.eu\/fr\/wp-json\/wp\/v2\/posts"}],"about":[{"href":"https:\/\/www.certisys.eu\/fr\/wp-json\/wp\/v2\/types\/post"}],"author":[{"embeddable":true,"href":"https:\/\/www.certisys.eu\/fr\/wp-json\/wp\/v2\/users\/6"}],"replies":[{"embeddable":true,"href":"https:\/\/www.certisys.eu\/fr\/wp-json\/wp\/v2\/comments?post=16443"}],"version-history":[{"count":7,"href":"https:\/\/www.certisys.eu\/fr\/wp-json\/wp\/v2\/posts\/16443\/revisions"}],"predecessor-version":[{"id":16496,"href":"https:\/\/www.certisys.eu\/fr\/wp-json\/wp\/v2\/posts\/16443\/revisions\/16496"}],"wp:featuredmedia":[{"embeddable":true,"href":"https:\/\/www.certisys.eu\/fr\/wp-json\/wp\/v2\/media\/16492"}],"wp:attachment":[{"href":"https:\/\/www.certisys.eu\/fr\/wp-json\/wp\/v2\/media?parent=16443"}],"wp:term":[{"taxonomy":"category","embeddable":true,"href":"https:\/\/www.certisys.eu\/fr\/wp-json\/wp\/v2\/categories?post=16443"},{"taxonomy":"post_tag","embeddable":true,"href":"https:\/\/www.certisys.eu\/fr\/wp-json\/wp\/v2\/tags?post=16443"}],"curies":[{"name":"wp","href":"https:\/\/api.w.org\/{rel}","templated":true}]}}